{"id":951,"date":"2016-10-06T08:17:12","date_gmt":"2016-10-06T08:17:12","guid":{"rendered":"http:\/\/masters.filescat.uab.cat\/muet\/?p=951"},"modified":"2016-10-06T08:17:12","modified_gmt":"2016-10-06T08:17:12","slug":"vint-anys-destudis-en-arts-esceniques-1996-2016","status":"publish","type":"post","link":"https:\/\/masters.filescat.uab.cat\/muet\/vint-anys-destudis-en-arts-esceniques-1996-2016\/","title":{"rendered":"Vint anys d\u2019estudis en arts esc\u00e8niques (1996-2016)"},"content":{"rendered":"<h3>El M\u00e0ster Universitari en Estudis Teatrals celebra els vint anys d\u2019estudis en arts esc\u00e8niques (1996-2016) amb una lli\u00e7\u00f3 magistral de Maria Mu\u00f1oz (co-directora amb Pep Ramis de la companyia de dansa Mal Pelo), que tindr\u00e0 lloc el 4 de novembre, a les 16.00 h. a l&#8217;Institut del Teatre de Barcelona (Sala Sc\u00e0nner).<\/h3>\n<p><a href=\"https:\/\/masters.filescat.uab.cat\/muet\/wp-content\/uploads\/sites\/2\/2016\/10\/20-UAB-IT.pdf\" target=\"_blank\" rel=\"noopener\">Cartell en PDF<\/a><\/p>\n<p><a href=\"https:\/\/masters.filescat.uab.cat\/muet\/wp-content\/uploads\/sites\/2\/2016\/10\/20-UAB-IT.pdf\" target=\"_blank\" rel=\"attachment noopener wp-att-954\"><img loading=\"lazy\" decoding=\"async\" class=\"alignright wp-image-954 \" src=\"https:\/\/masters.filescat.uab.cat\/muet\/wp-content\/uploads\/sites\/2\/2016\/10\/20-UAB-IT-213x300.jpg\" alt=\"20-uab-it\" width=\"300\" height=\"423\" srcset=\"https:\/\/masters.filescat.uab.cat\/muet\/wp-content\/uploads\/sites\/2\/2016\/10\/20-UAB-IT-213x300.jpg 213w, https:\/\/masters.filescat.uab.cat\/muet\/wp-content\/uploads\/sites\/2\/2016\/10\/20-UAB-IT.jpg 569w\" sizes=\"(max-width: 300px) 100vw, 300px\" \/><\/a>El\u00a0M\u00e0ster Universitari en Estudis Teatrals (MUET)\u00a0\u00e9s un m\u00e0ster oficial interuniversitari, coordinat per\u00a0la\u00a0Universitat Aut\u00f2noma de Barcelona\u00a0(UAB) amb\u00a0la col\u00b7laboraci\u00f3 de l\u2019Institut del Teatre de Barcelona\u00a0i la\u00a0Universitat Pompeu Fabra, i amb la participaci\u00f3\u00a0de la\u00a0Universitat Polit\u00e8cnica de Catalunya.<\/p>\n<p>Iniciat el curs 2013-2014, \u00e9s la continuaci\u00f3 del postgrau d\u2019Hist\u00f2ria i Cr\u00edtica del Teatre (1996-1999), l\u2019antic Doctorat en Arts Esc\u00e8niques (1999-2009) i el M\u00e0ster Oficial Interuniversitari en Estudis Teatrals (2008\u20132012).<\/p>\n<p>El MUET t\u00e9 el prop\u00f2sit d\u2019oferir els instruments metodol\u00f2gics adequats per formar investigadors i professionals de les arts esc\u00e8niques, tot combinant els plantejaments te\u00f2rics amb la recerca sobre la pr\u00e0ctica. Com a m\u00e0ster oficial, permet l\u2019acc\u00e9s als estudis de Doctorat de la UAB o de qualsevol altra universitat de l\u2019Espai Europeu d\u2019Ensenyament Superior.<\/p>\n<p>&nbsp;<\/p>\n<h4>M\u00e9s informaci\u00f3:<\/h4>\n<h5><a href=\"http:\/\/www.uab.cat\/masteroficial\/estudis-teatrals\/\" target=\"_blank\" rel=\"noopener\">P\u00e0gina web del M\u00e0ster a la UAB<\/a><\/h5>\n<h5><a href=\"http:\/\/masters.filescat.uab.cat\/muet\/\" target=\"_blank\" rel=\"noopener\">P\u00e0gina web del M\u00e0ster<\/a><\/h5>\n","protected":false},"excerpt":{"rendered":"<p>El M\u00e0ster Universitari en Estudis Teatrals celebra els vint anys d\u2019estudis en arts esc\u00e8niques (1996-2016) amb una lli\u00e7\u00f3 magistral de Maria Mu\u00f1oz (co-directora amb Pep Ramis de la companyia de dansa Mal Pelo), que tindr\u00e0 lloc el 4 de novembre, a les 16.00 h. a l&#8217;Institut del Teatre de Barcelona (Sala Sc\u00e0nner). Cartell en PDF [&hellip;]<\/p>\n","protected":false},"author":1,"featured_media":1474,"comment_status":"open","ping_status":"open","sticky":false,"template":"","format":"standard","meta":{"_et_pb_use_builder":"","_et_pb_old_content":"","_et_gb_content_width":"","footnotes":""},"categories":[3,7],"tags":[],"class_list":["post-951","post","type-post","status-publish","format-standard","has-post-thumbnail","hentry","category-activitats","category-noticies","et-has-post-format-content","et_post_format-et-post-format-standard"],"_links":{"self":[{"href":"https:\/\/masters.filescat.uab.cat\/muet\/wp-json\/wp\/v2\/posts\/951","targetHints":{"allow":["GET"]}}],"collection":[{"href":"https:\/\/masters.filescat.uab.cat\/muet\/wp-json\/wp\/v2\/posts"}],"about":[{"href":"https:\/\/masters.filescat.uab.cat\/muet\/wp-json\/wp\/v2\/types\/post"}],"author":[{"embeddable":true,"href":"https:\/\/masters.filescat.uab.cat\/muet\/wp-json\/wp\/v2\/users\/1"}],"replies":[{"embeddable":true,"href":"https:\/\/masters.filescat.uab.cat\/muet\/wp-json\/wp\/v2\/comments?post=951"}],"version-history":[{"count":0,"href":"https:\/\/masters.filescat.uab.cat\/muet\/wp-json\/wp\/v2\/posts\/951\/revisions"}],"wp:featuredmedia":[{"embeddable":true,"href":"https:\/\/masters.filescat.uab.cat\/muet\/wp-json\/wp\/v2\/media\/1474"}],"wp:attachment":[{"href":"https:\/\/masters.filescat.uab.cat\/muet\/wp-json\/wp\/v2\/media?parent=951"}],"wp:term":[{"taxonomy":"category","embeddable":true,"href":"https:\/\/masters.filescat.uab.cat\/muet\/wp-json\/wp\/v2\/categories?post=951"},{"taxonomy":"post_tag","embeddable":true,"href":"https:\/\/masters.filescat.uab.cat\/muet\/wp-json\/wp\/v2\/tags?post=951"}],"curies":[{"name":"wp","href":"https:\/\/api.w.org\/{rel}","templated":true}]}}