{"id":798,"date":"2015-03-11T11:51:55","date_gmt":"2015-03-11T11:51:55","guid":{"rendered":"http:\/\/masters.filescat.uab.cat\/muet\/?p=798"},"modified":"2015-03-11T11:51:55","modified_gmt":"2015-03-11T11:51:55","slug":"sessio-informativa-sobre-el-doctorat-en-estudis-teatrals","status":"publish","type":"post","link":"https:\/\/masters.filescat.uab.cat\/muet\/sessio-informativa-sobre-el-doctorat-en-estudis-teatrals\/","title":{"rendered":"Sessi\u00f3 informativa sobre el Doctorat en Estudis Teatrals"},"content":{"rendered":"<h4>Amb el professor Francesc Foguet (UAB)<\/h4>\n<h5>Dia i hora: Divendres, 20 de mar\u00e7 de 2015, a les 16h<br \/>Lloc: Auditori de l&#8217;Institut del Teatre de Barcelona<\/h5>\n<div style=\"text-align: right\"><a href=\"http:\/\/www.uab.cat\/web\/postgrau\/doctorats\/tots-els-doctorats\/informacio-general\/llengua-i-literatura-catalanes-i-estudis-teatrals-1345467765418.html?param2=1345674109607\" target=\"_blank\" rel=\"noopener\">P\u00e0gina sobre el doctorat a la UAB<\/a><\/div>\n<p><a href=\"http:\/\/www.uab.cat\/web\/postgrau\/doctorats\/tots-els-doctorats\/informacio-general\/llengua-i-literatura-catalanes-i-estudis-teatrals-1345467765418.html?param2=1345674109607\"><img loading=\"lazy\" decoding=\"async\" class=\"wp-image-4419  alignright\" alt=\"sessio-informativa_muet_p\" src=\"http:\/\/filescat.uab.cat\/filcat\/wp-content\/uploads\/2015\/03\/sessio-informativa_muet_p.png\" width=\"372\" height=\"221\" \/><\/a><br \/><span style=\"font-size: 14px\">Aquesta sessi\u00f3 vol informar sobre el Doctorat en Estudis Teatrals que ofereix la UAB, amb la col\u00b7laboraci\u00f3 de l&#8217;Institut del Teatre: definici\u00f3, objectius, proc\u00e9s d&#8217;admissi\u00f3, elaboraci\u00f3 de la tesi (des de la presentaci\u00f3 del projecte de recerca fins a la defensa), recomanacions pr\u00e0ctiques, etc\u00e8tera.<\/span><\/p>\n<h4>Hi esteu convidats!<\/h4>\n<h5>\u00c9s una oportunitat per aclarir dubtes sobre el doctorat i animar-vos a emprendre aquests estudis.<\/h5>\n","protected":false},"excerpt":{"rendered":"<p>Amb el professor Francesc Foguet (UAB) Dia i hora: Divendres, 20 de mar\u00e7 de 2015, a les 16hLloc: Auditori de l&#8217;Institut del Teatre de Barcelona P\u00e0gina sobre el doctorat a la UAB Aquesta sessi\u00f3 vol informar sobre el Doctorat en Estudis Teatrals que ofereix la UAB, amb la col\u00b7laboraci\u00f3 de l&#8217;Institut del Teatre: definici\u00f3, objectius, [&hellip;]<\/p>\n","protected":false},"author":1,"featured_media":811,"comment_status":"open","ping_status":"open","sticky":false,"template":"","format":"standard","meta":{"_et_pb_use_builder":"","_et_pb_old_content":"","_et_gb_content_width":"","footnotes":""},"categories":[6,7],"tags":[],"class_list":["post-798","post","type-post","status-publish","format-standard","has-post-thumbnail","hentry","category-informacio-academica","category-noticies","et-has-post-format-content","et_post_format-et-post-format-standard"],"_links":{"self":[{"href":"https:\/\/masters.filescat.uab.cat\/muet\/wp-json\/wp\/v2\/posts\/798","targetHints":{"allow":["GET"]}}],"collection":[{"href":"https:\/\/masters.filescat.uab.cat\/muet\/wp-json\/wp\/v2\/posts"}],"about":[{"href":"https:\/\/masters.filescat.uab.cat\/muet\/wp-json\/wp\/v2\/types\/post"}],"author":[{"embeddable":true,"href":"https:\/\/masters.filescat.uab.cat\/muet\/wp-json\/wp\/v2\/users\/1"}],"replies":[{"embeddable":true,"href":"https:\/\/masters.filescat.uab.cat\/muet\/wp-json\/wp\/v2\/comments?post=798"}],"version-history":[{"count":0,"href":"https:\/\/masters.filescat.uab.cat\/muet\/wp-json\/wp\/v2\/posts\/798\/revisions"}],"wp:featuredmedia":[{"embeddable":true,"href":"https:\/\/masters.filescat.uab.cat\/muet\/wp-json\/wp\/v2\/media\/811"}],"wp:attachment":[{"href":"https:\/\/masters.filescat.uab.cat\/muet\/wp-json\/wp\/v2\/media?parent=798"}],"wp:term":[{"taxonomy":"category","embeddable":true,"href":"https:\/\/masters.filescat.uab.cat\/muet\/wp-json\/wp\/v2\/categories?post=798"},{"taxonomy":"post_tag","embeddable":true,"href":"https:\/\/masters.filescat.uab.cat\/muet\/wp-json\/wp\/v2\/tags?post=798"}],"curies":[{"name":"wp","href":"https:\/\/api.w.org\/{rel}","templated":true}]}}