{"id":326,"date":"2013-03-19T12:10:35","date_gmt":"2013-03-19T12:10:35","guid":{"rendered":"http:\/\/masters.filescat.uab.catwebs\/portal\/muet\/?p=326"},"modified":"2013-03-19T12:10:35","modified_gmt":"2013-03-19T12:10:35","slug":"digitalitzacio-de-les-llicons-inaugurals-del-master","status":"publish","type":"post","link":"https:\/\/masters.filescat.uab.cat\/muet\/digitalitzacio-de-les-llicons-inaugurals-del-master\/","title":{"rendered":"Digitalitzaci\u00f3 de les lli\u00e7ons inaugurals del m\u00e0ster"},"content":{"rendered":"<h4><a href=\"http:\/\/ddd.uab.cat\/search?ln=ca&amp;p=documenta+teatral&amp;f=&amp;action_search=Cerca&amp;c=Dip%C3%B2sit+Digital+de+Documents+de+la+UAB&amp;sf=&amp;so=d&amp;rm=&amp;rg=10&amp;sc=1&amp;of=hb\" target=\"_blank\" rel=\"noopener\"><img loading=\"lazy\" decoding=\"async\" class=\"alignright size-full wp-image-329\" title=\"llicons\" src=\"https:\/\/masters.filescat.uab.cat\/muet\/wp-content\/uploads\/sites\/2\/2013\/03\/llicons.jpg\" alt=\"\" width=\"161\" height=\"257\" srcset=\"https:\/\/masters.filescat.uab.cat\/muet\/wp-content\/uploads\/sites\/2\/2013\/03\/llicons.jpg 400w, https:\/\/masters.filescat.uab.cat\/muet\/wp-content\/uploads\/sites\/2\/2013\/03\/llicons-189x300.jpg 189w\" sizes=\"(max-width: 161px) 100vw, 161px\" \/><\/a>Les lli\u00e7ons impartides per Jaume Mascar\u00f3, Jaume Melendres, Rodolf\u00a0 Sirera i Sharon Feldman en les inauguracions oficials de cada curs, publicades en la col\u00b7lecci\u00f3 <a href=\"http:\/\/www.editorialpunctum.com\/categoria\/col%C2%B7leccions\/documenta-teatral\/\" target=\"_blank\" rel=\"noopener\">&#8220;Documenta Teatral&#8221; de l&#8217;editorial Punctum<\/a>, han estat digitalitzades i incorporades al Dip\u00f2sit de Documents Digital de la UAB, en acc\u00e9s obert.<\/h4>\n<p>Hi podeu accedir des d<strong>&#8216;<a href=\"http:\/\/masters.filescat.uab.cat\/muet\/index.php\/llicons-magistrals\/\" target=\"_blank\" rel=\"noopener\">aquest enlla\u00e7<\/a><\/strong>.<\/p>\n","protected":false},"excerpt":{"rendered":"<p>Les lli\u00e7ons impartides per Jaume Mascar\u00f3, Jaume Melendres, Rodolf\u00a0 Sirera i Sharon Feldman en les inauguracions oficials de cada curs, publicades en la col\u00b7lecci\u00f3 &#8220;Documenta Teatral&#8221; de l&#8217;editorial Punctum, han estat digitalitzades i incorporades al Dip\u00f2sit de Documents Digital de la UAB, en acc\u00e9s obert. Hi podeu accedir des d&#8216;aquest enlla\u00e7.<\/p>\n","protected":false},"author":1,"featured_media":328,"comment_status":"closed","ping_status":"closed","sticky":false,"template":"","format":"standard","meta":{"_et_pb_use_builder":"","_et_pb_old_content":"","_et_gb_content_width":"","footnotes":""},"categories":[3,7],"tags":[],"class_list":["post-326","post","type-post","status-publish","format-standard","has-post-thumbnail","hentry","category-activitats","category-noticies","et-has-post-format-content","et_post_format-et-post-format-standard"],"_links":{"self":[{"href":"https:\/\/masters.filescat.uab.cat\/muet\/wp-json\/wp\/v2\/posts\/326","targetHints":{"allow":["GET"]}}],"collection":[{"href":"https:\/\/masters.filescat.uab.cat\/muet\/wp-json\/wp\/v2\/posts"}],"about":[{"href":"https:\/\/masters.filescat.uab.cat\/muet\/wp-json\/wp\/v2\/types\/post"}],"author":[{"embeddable":true,"href":"https:\/\/masters.filescat.uab.cat\/muet\/wp-json\/wp\/v2\/users\/1"}],"replies":[{"embeddable":true,"href":"https:\/\/masters.filescat.uab.cat\/muet\/wp-json\/wp\/v2\/comments?post=326"}],"version-history":[{"count":0,"href":"https:\/\/masters.filescat.uab.cat\/muet\/wp-json\/wp\/v2\/posts\/326\/revisions"}],"wp:featuredmedia":[{"embeddable":true,"href":"https:\/\/masters.filescat.uab.cat\/muet\/wp-json\/wp\/v2\/media\/328"}],"wp:attachment":[{"href":"https:\/\/masters.filescat.uab.cat\/muet\/wp-json\/wp\/v2\/media?parent=326"}],"wp:term":[{"taxonomy":"category","embeddable":true,"href":"https:\/\/masters.filescat.uab.cat\/muet\/wp-json\/wp\/v2\/categories?post=326"},{"taxonomy":"post_tag","embeddable":true,"href":"https:\/\/masters.filescat.uab.cat\/muet\/wp-json\/wp\/v2\/tags?post=326"}],"curies":[{"name":"wp","href":"https:\/\/api.w.org\/{rel}","templated":true}]}}