{"id":2735,"date":"2023-02-21T12:23:36","date_gmt":"2023-02-21T11:23:36","guid":{"rendered":"https:\/\/masters.filescat.uab.cat\/muet\/?p=2735"},"modified":"2023-02-21T12:23:36","modified_gmt":"2023-02-21T11:23:36","slug":"convocada-la-3a-edicio-del-premi-teresa-cunille","status":"publish","type":"post","link":"https:\/\/masters.filescat.uab.cat\/muet\/convocada-la-3a-edicio-del-premi-teresa-cunille\/","title":{"rendered":"Convocada la 3a edici\u00f3 del Premi Teresa Cunill\u00e9"},"content":{"rendered":"<h3>La\u00a0Propietat del Teatre Romea, amb la col\u00b7laboraci\u00f3 de l\u2019Institut del Teatre, convoca la 3a edici\u00f3 del\u00a0Premi Teresa Cunille\u0301<strong>\u00a0<\/strong>als millors treballs sobre la hist\u00f2ria del teatre en catal\u00e0<\/h3>\n<h4>En aquesta tercera convocat\u00f2ria el premi amplia el seu \u00e0mbit i s\u2019ofereix en dues modalitats:<\/h4>\n<ul>\n<li>Recerca: al millor treball de recerca sobre la hist\u00f2ria del teatre en catal\u00e0.<\/li>\n<li>Dramat\u00fargia: al millor projecte d\u2019adaptaci\u00f3 d\u2019un text ja existent o de creaci\u00f3 d\u2019un text original in\u00e8dit vinculat al rescat del patrimoni hist\u00f2ric del teatre catal\u00e0.<\/li>\n<\/ul>\n<p>Els treballs poden fer refer\u00e8ncia a qualsevol aspecte del teatre catal\u00e0 dels segles XIX i XX.<br \/>\nEl termini per lliurar els treballs finalitzar\u00e0 el dia<strong> 4 de juliol de 2023<\/strong>.<\/p>\n<h4>El Premi Teresa Cunill\u00e9<\/h4>\n<p>Aquest premi sorgeix d\u2019una iniciativa conjunta de l&#8217;actriu\u00a0Teresa Cunille\u0301<strong>\u00a0<\/strong>i la\u00a0Propietat del Teatre Romea<strong>.\u00a0<\/strong>La seva finalitat e\u0301s incentivar i donar suport al coneixement i la preservaci\u00f3 de la hist\u00f2ria del teatre catal\u00e0. Defineix una tem\u00e0tica per a cada convocat\u00f2ria, de manera que es puguin anar tractant diferents per\u00edodes i tem\u00e0tiques que, per diferents motius, encara no han estat objecte d&#8217;estudi per part de la historiografia o que s\u00f3n poc presents en la programaci\u00f3 teatral actual.<\/p>\n<p>El guard\u00f3 t\u00e9 el suport del <a href=\"https:\/\/www.institutdelteatre.cat\/mae.htm\" target=\"_blank\" rel=\"noopener\" data-href=\"\/mae.htm\">Museu de les Arts Esc\u00e8niques (MAE) i Centre de Documentaci\u00f3 de l\u2019Institut del Teatre<\/a> de Barcelona, que posa a disposici\u00f3\u0301 dels investigadors diversos fons documentals que recullen fotografies, cartells, cr\u00edtiques i altres materials sobre el tema de la convocat\u00f2ria.<\/p>\n<h4>M\u00e9s Informaci\u00f3<\/h4>\n<p><a href=\"https:\/\/www.teatreromeapropietat.cat\/ca\/teresa-cunille\/premi-2023\" target=\"_blank\" rel=\"noopener\">Bases de la convocat\u00f2ria<\/a><br \/>\nInformaci\u00f3 sobre el premi a la <a href=\"https:\/\/www.institutdelteatre.cat\/pl597\/noticies\/id1355\/l-institut-del-teatre-collabora-en-la-3a-edicio-del-premi-teresa-cunille-de-recerca-de-la-historia-del-teatre-catala.htm\" target=\"_blank\" rel=\"noopener\">p\u00e0gina web de l&#8217;Institut del Teatre<\/a><\/p>\n","protected":false},"excerpt":{"rendered":"<p>La\u00a0Propietat del Teatre Romea, amb la col\u00b7laboraci\u00f3 de l\u2019Institut del Teatre, convoca la 3a edici\u00f3 del\u00a0Premi Teresa Cunille\u0301\u00a0als millors treballs sobre la hist\u00f2ria del teatre en catal\u00e0 En aquesta tercera convocat\u00f2ria el premi amplia el seu \u00e0mbit i s\u2019ofereix en dues modalitats: Recerca: al millor treball de recerca sobre la hist\u00f2ria del teatre en catal\u00e0. [&hellip;]<\/p>\n","protected":false},"author":3,"featured_media":2736,"comment_status":"closed","ping_status":"open","sticky":false,"template":"","format":"standard","meta":{"_et_pb_use_builder":"","_et_pb_old_content":"","_et_gb_content_width":"","footnotes":""},"categories":[3,7],"tags":[],"class_list":["post-2735","post","type-post","status-publish","format-standard","has-post-thumbnail","hentry","category-activitats","category-noticies","et-has-post-format-content","et_post_format-et-post-format-standard"],"_links":{"self":[{"href":"https:\/\/masters.filescat.uab.cat\/muet\/wp-json\/wp\/v2\/posts\/2735","targetHints":{"allow":["GET"]}}],"collection":[{"href":"https:\/\/masters.filescat.uab.cat\/muet\/wp-json\/wp\/v2\/posts"}],"about":[{"href":"https:\/\/masters.filescat.uab.cat\/muet\/wp-json\/wp\/v2\/types\/post"}],"author":[{"embeddable":true,"href":"https:\/\/masters.filescat.uab.cat\/muet\/wp-json\/wp\/v2\/users\/3"}],"replies":[{"embeddable":true,"href":"https:\/\/masters.filescat.uab.cat\/muet\/wp-json\/wp\/v2\/comments?post=2735"}],"version-history":[{"count":3,"href":"https:\/\/masters.filescat.uab.cat\/muet\/wp-json\/wp\/v2\/posts\/2735\/revisions"}],"predecessor-version":[{"id":2739,"href":"https:\/\/masters.filescat.uab.cat\/muet\/wp-json\/wp\/v2\/posts\/2735\/revisions\/2739"}],"wp:featuredmedia":[{"embeddable":true,"href":"https:\/\/masters.filescat.uab.cat\/muet\/wp-json\/wp\/v2\/media\/2736"}],"wp:attachment":[{"href":"https:\/\/masters.filescat.uab.cat\/muet\/wp-json\/wp\/v2\/media?parent=2735"}],"wp:term":[{"taxonomy":"category","embeddable":true,"href":"https:\/\/masters.filescat.uab.cat\/muet\/wp-json\/wp\/v2\/categories?post=2735"},{"taxonomy":"post_tag","embeddable":true,"href":"https:\/\/masters.filescat.uab.cat\/muet\/wp-json\/wp\/v2\/tags?post=2735"}],"curies":[{"name":"wp","href":"https:\/\/api.w.org\/{rel}","templated":true}]}}