{"id":2553,"date":"2022-10-11T13:23:38","date_gmt":"2022-10-11T12:23:38","guid":{"rendered":"https:\/\/masters.filescat.uab.cat\/muet\/?p=2553"},"modified":"2022-11-28T10:39:40","modified_gmt":"2022-11-28T09:39:40","slug":"emociones-socio-cognicion-y-dramaturgia-dos-enfoques","status":"publish","type":"post","link":"https:\/\/masters.filescat.uab.cat\/muet\/emociones-socio-cognicion-y-dramaturgia-dos-enfoques\/","title":{"rendered":"Emociones, socio-cognici\u00f3n y dramaturgia: dos enfoques"},"content":{"rendered":"<h2>Emociones, socio-cognici\u00f3n y dramaturgia: dos enfoques<br \/>\nLuis Emilio Abraham<\/h2>\n<h3>Facultat de Filosofia i Lletres, aula 201, 7 de novembre, de 16.00 h a 19.00 h<br \/>\nM\u00e0ster Universitari en Estudis Teatrals<\/h3>\n<p><span style=\"font-size: 13pt;\">Luis Emilio Abraham, professor de la Universidad Nacional de Cuyo (Mendoza, Argentina), ens oferir\u00e0 una sessi\u00f3 dedicada a l\u2019an\u00e0lisi de l\u2019obra dram\u00e0tica des d\u2019una dimensi\u00f3 emocional i cognitiva.<\/span><\/p>\n<p><span style=\"font-size: 14pt;\">Dia: 7 de novembre de 2022<\/span><br \/>\n<span style=\"font-size: 14pt;\">Hora: de 16.00 h a 19.00 h<\/span><br \/>\n<span style=\"font-size: 14pt;\">Lloc: Facultat de Filosofia i Lletres de la UAB, aula 201<\/span><\/p>\n<p>Abandonando viejos dualismos que oponen afecto y racionalidad como si se tratara de fen\u00f3menos imposibles de integrar, se propone una aproximaci\u00f3n a la dimensi\u00f3n emocional de la obra dram\u00e1tica y a su interacci\u00f3n con otros fen\u00f3menos cognitivos como la empat\u00eda o la identificaci\u00f3n, la toma de posici\u00f3n, la valoraci\u00f3n, la construcci\u00f3n sem\u00e1ntica e ideol\u00f3gica. Adem\u00e1s de proporcionar categor\u00edas y herramientas para comprender el funcionamiento cognitivo de las emociones en el drama, se distinguir\u00e1n dos modos en que esos aspectos pueden transformarse en objetos de investigaci\u00f3n: las metodolog\u00edas de an\u00e1lisis que, centradas en el texto y en la construcci\u00f3n de un autor modelo y un modelo de contexto, permiten estudiar reacciones afectivo-valorativas de un autor o de una autora y efectos de recepci\u00f3n prefigurados por ellos; y las metodolog\u00edas emp\u00edricas de la po\u00e9tica cognitiva que se orientan a construir modelos te\u00f3ricos a partir del an\u00e1lisis de procesos de lectores y lectoras reales. Con el fin de precisar qu\u00e9 metodolog\u00eda resulta adecuada seg\u00fan el tipo de preguntas, de hip\u00f3tesis y de construcci\u00f3n de objeto, se trabajar\u00e1 con un caso: dos textos dram\u00e1ticos argentinos que pueden leerse en serie y se vinculan con emociones de la familia del miedo.<\/p>\n<h4>Luis Emilio Abraham<\/h4>\n<p>Es doctor en Letras por la Universidad Nacional de Cuyo (Mendoza, Argentina), donde es profesor titular efectivo de Literatura Espa\u00f1ola Moderna y Contempor\u00e1nea y ense\u00f1a adem\u00e1s Did\u00e1ctica de la Literatura y Semi\u00f3tica. Es Mag\u00edster en Filolog\u00eda Hisp\u00e1nica por el CSIC. Ha sido becario de la Fundaci\u00f3n Carolina y de CONICET. Como investigador, se ha dedicado fundamentalmente a la teor\u00eda literaria, la teatrolog\u00eda y el teatro actual en espa\u00f1ol. Adem\u00e1s de numerosos art\u00edculos y contribuciones en libros colectivos, ha publicado <em>Escenas que sostienen mundos. M\u00edmesis y modelos de ficci\u00f3n en el teatro<\/em> (Madrid, CSIC, Anejos de Revista de Literatura, 2008) y ha coordinado el volumen <em>An\u00e1lisis de la dramaturgia argentina actual<\/em> (Madrid: Ant\u00edgona, 2015), dirigido por Garc\u00eda Barrientos. Es miembro de la Red Internacional de Investigadores Teatrales Latinoamericanos y Europeos (RIITLE) y de la Asociaci\u00f3n Argentina de Hispanistas. Es director de la revista cient\u00edfico-acad\u00e9mica <em>Bolet\u00edn GEC<\/em> y dirige actualmente en la Universidad Nacional de Cuyo un proyecto de investigaci\u00f3n que estudia la lectura literaria a partir de metodolog\u00edas emp\u00edricas: <em>La lectura literaria en contextos educativos: emociones, im\u00e1genes mentales, socio-cognici\u00f3n<\/em>.<\/p>\n","protected":false},"excerpt":{"rendered":"<p>Emociones, socio-cognici\u00f3n y dramaturgia: dos enfoques Luis Emilio Abraham Facultat de Filosofia i Lletres, aula 201, 7 de novembre, de 16.00 h a 19.00 h M\u00e0ster Universitari en Estudis Teatrals Luis Emilio Abraham, professor de la Universidad Nacional de Cuyo (Mendoza, Argentina), ens oferir\u00e0 una sessi\u00f3 dedicada a l\u2019an\u00e0lisi de l\u2019obra dram\u00e0tica des d\u2019una dimensi\u00f3 [&hellip;]<\/p>\n","protected":false},"author":3,"featured_media":2563,"comment_status":"closed","ping_status":"open","sticky":false,"template":"","format":"standard","meta":{"_et_pb_use_builder":"","_et_pb_old_content":"","_et_gb_content_width":"","footnotes":""},"categories":[3,7],"tags":[],"class_list":["post-2553","post","type-post","status-publish","format-standard","has-post-thumbnail","hentry","category-activitats","category-noticies","et-has-post-format-content","et_post_format-et-post-format-standard"],"_links":{"self":[{"href":"https:\/\/masters.filescat.uab.cat\/muet\/wp-json\/wp\/v2\/posts\/2553","targetHints":{"allow":["GET"]}}],"collection":[{"href":"https:\/\/masters.filescat.uab.cat\/muet\/wp-json\/wp\/v2\/posts"}],"about":[{"href":"https:\/\/masters.filescat.uab.cat\/muet\/wp-json\/wp\/v2\/types\/post"}],"author":[{"embeddable":true,"href":"https:\/\/masters.filescat.uab.cat\/muet\/wp-json\/wp\/v2\/users\/3"}],"replies":[{"embeddable":true,"href":"https:\/\/masters.filescat.uab.cat\/muet\/wp-json\/wp\/v2\/comments?post=2553"}],"version-history":[{"count":11,"href":"https:\/\/masters.filescat.uab.cat\/muet\/wp-json\/wp\/v2\/posts\/2553\/revisions"}],"predecessor-version":[{"id":2666,"href":"https:\/\/masters.filescat.uab.cat\/muet\/wp-json\/wp\/v2\/posts\/2553\/revisions\/2666"}],"wp:featuredmedia":[{"embeddable":true,"href":"https:\/\/masters.filescat.uab.cat\/muet\/wp-json\/wp\/v2\/media\/2563"}],"wp:attachment":[{"href":"https:\/\/masters.filescat.uab.cat\/muet\/wp-json\/wp\/v2\/media?parent=2553"}],"wp:term":[{"taxonomy":"category","embeddable":true,"href":"https:\/\/masters.filescat.uab.cat\/muet\/wp-json\/wp\/v2\/categories?post=2553"},{"taxonomy":"post_tag","embeddable":true,"href":"https:\/\/masters.filescat.uab.cat\/muet\/wp-json\/wp\/v2\/tags?post=2553"}],"curies":[{"name":"wp","href":"https:\/\/api.w.org\/{rel}","templated":true}]}}