{"id":2350,"date":"2022-06-27T16:31:51","date_gmt":"2022-06-27T15:31:51","guid":{"rendered":"https:\/\/masters.filescat.uab.cat\/muet\/?p=2350"},"modified":"2022-06-27T16:31:51","modified_gmt":"2022-06-27T15:31:51","slug":"la-gata-perduda-amb-text-de-victoria-szpunberg-al-liceu","status":"publish","type":"post","link":"https:\/\/masters.filescat.uab.cat\/muet\/la-gata-perduda-amb-text-de-victoria-szpunberg-al-liceu\/","title":{"rendered":"\u00abLa gata perduda\u00bb, amb text de Victoria Szpunberg, al Liceu"},"content":{"rendered":"<h2>La gata perduda<\/h2>\n<h3>Arnau Tordera i Victoria Szpunberg<br \/>\n\u00d2pera comunit\u00e0ria de nova creaci\u00f3 produ\u00efda pel Liceu<\/h3>\n<h4>5 i 7 d&#8217;octubre de 2022<\/h4>\n<p>El Raval \u00e9s el barri que abra\u00e7a el Gran Teatre del Liceu i \u00e9s l\u2019espai europeu que t\u00e9 la major densitat d\u2019associacionisme per metre quadrat.<\/p>\n<p>El Liceu, com a emblema cultural del pa\u00eds amb vocaci\u00f3 de servei al ve\u00efnatge, colidera, amb el moviment associatiu del barri, un projecte comunitari: la creaci\u00f3 d\u2019una \u00f2pera participativa i cocreada on es refor\u00e7a el lligam entre la instituci\u00f3 i els ciutadans del barri.<\/p>\n<p>Aix\u00ed neix\u00a0<em>La gata perduda<\/em>, l\u2019\u00f2pera amb la qual el Raval entra al Liceu. Presentar aquesta proposta tan fresca haur\u00e0 significat tres anys d\u2019un important esfor\u00e7 col\u00b7lectiu. Concebuda musicalment per Arnau Tordera, guitarra, vocalista i l\u00edder de la banda Obeses, i amb text de <strong>Victoria Szpunberg<\/strong>, es mou entre el m\u00f3n l\u00edric i el musical, passant pels esclats de m\u00fasiques del m\u00f3n, que tant sonen pels seus carrers.<\/p>\n<p><a href=\"https:\/\/www.liceubarcelona.cat\/ca\/temporada-2022-23\/opera\/la-gata-perduda\" target=\"_blank\" rel=\"noopener\">M\u00e9s informaci\u00f3 sobre l&#8217;obra<\/a><\/p>\n","protected":false},"excerpt":{"rendered":"<p>La gata perduda Arnau Tordera i Victoria Szpunberg \u00d2pera comunit\u00e0ria de nova creaci\u00f3 produ\u00efda pel Liceu 5 i 7 d&#8217;octubre de 2022 El Raval \u00e9s el barri que abra\u00e7a el Gran Teatre del Liceu i \u00e9s l\u2019espai europeu que t\u00e9 la major densitat d\u2019associacionisme per metre quadrat. El Liceu, com a emblema cultural del pa\u00eds [&hellip;]<\/p>\n","protected":false},"author":3,"featured_media":2351,"comment_status":"closed","ping_status":"open","sticky":false,"template":"","format":"standard","meta":{"_et_pb_use_builder":"","_et_pb_old_content":"","_et_gb_content_width":"","footnotes":""},"categories":[17],"tags":[],"class_list":["post-2350","post","type-post","status-publish","format-standard","has-post-thumbnail","hentry","category-en-escena","et-has-post-format-content","et_post_format-et-post-format-standard"],"_links":{"self":[{"href":"https:\/\/masters.filescat.uab.cat\/muet\/wp-json\/wp\/v2\/posts\/2350","targetHints":{"allow":["GET"]}}],"collection":[{"href":"https:\/\/masters.filescat.uab.cat\/muet\/wp-json\/wp\/v2\/posts"}],"about":[{"href":"https:\/\/masters.filescat.uab.cat\/muet\/wp-json\/wp\/v2\/types\/post"}],"author":[{"embeddable":true,"href":"https:\/\/masters.filescat.uab.cat\/muet\/wp-json\/wp\/v2\/users\/3"}],"replies":[{"embeddable":true,"href":"https:\/\/masters.filescat.uab.cat\/muet\/wp-json\/wp\/v2\/comments?post=2350"}],"version-history":[{"count":1,"href":"https:\/\/masters.filescat.uab.cat\/muet\/wp-json\/wp\/v2\/posts\/2350\/revisions"}],"predecessor-version":[{"id":2352,"href":"https:\/\/masters.filescat.uab.cat\/muet\/wp-json\/wp\/v2\/posts\/2350\/revisions\/2352"}],"wp:featuredmedia":[{"embeddable":true,"href":"https:\/\/masters.filescat.uab.cat\/muet\/wp-json\/wp\/v2\/media\/2351"}],"wp:attachment":[{"href":"https:\/\/masters.filescat.uab.cat\/muet\/wp-json\/wp\/v2\/media?parent=2350"}],"wp:term":[{"taxonomy":"category","embeddable":true,"href":"https:\/\/masters.filescat.uab.cat\/muet\/wp-json\/wp\/v2\/categories?post=2350"},{"taxonomy":"post_tag","embeddable":true,"href":"https:\/\/masters.filescat.uab.cat\/muet\/wp-json\/wp\/v2\/tags?post=2350"}],"curies":[{"name":"wp","href":"https:\/\/api.w.org\/{rel}","templated":true}]}}