{"id":1172,"date":"2017-10-18T12:24:10","date_gmt":"2017-10-18T12:24:10","guid":{"rendered":"http:\/\/masters.filescat.uab.cat\/muet\/?p=1172"},"modified":"2017-10-18T12:24:10","modified_gmt":"2017-10-18T12:24:10","slug":"mirades-sobre-el-text-teatral-amb-joan-tomas-martinez-grimalt","status":"publish","type":"post","link":"https:\/\/masters.filescat.uab.cat\/muet\/mirades-sobre-el-text-teatral-amb-joan-tomas-martinez-grimalt\/","title":{"rendered":"Mirades sobre el text teatral, amb Joan Tom\u00e0s Mart\u00ednez Grimalt"},"content":{"rendered":"<h3>Joan Tom\u00e0s Mart\u00ednez Grimalt oferir\u00e0 una confer\u00e8ncia per al M\u00e0ster Universitari en Estudis Teatrals sobre les estrat\u00e8gies formals utilitzades en l&#8217;escriptura dels textos teatrals contemporanis<\/h3>\n<p><span style=\"font-size: 14pt\"><a href=\"http:\/\/filescat.uab.cat\/filcat\/wp-content\/uploads\/2017\/10\/mirades-text-teatral_cartell.pdf\" target=\"_blank\" rel=\"noopener\">Cartell en PDF<\/a><\/span><\/p>\n<h4><a href=\"http:\/\/filescat.uab.cat\/filcat\/wp-content\/uploads\/2017\/10\/mirades-text-teatral_cartell.pdf\" target=\"_blank\" rel=\"noopener\"><img loading=\"lazy\" decoding=\"async\" class=\"alignright wp-image-7753\" src=\"http:\/\/filescat.uab.cat\/filcat\/wp-content\/uploads\/2017\/10\/mirades-text-teatral_p-724x1024.jpg\" alt=\"\" width=\"360\" height=\"509\" \/><\/a>Dia:\u00a06 de novembre de 2017<br \/>\nHora: de 16.00 h. a 19.00 h.<br \/>\nLloc: aula 216 de la Facultat de Filosofia i Lletres de la UAB<\/h4>\n<p>L\u2019escriptura d\u2019una part dels textos teatrals contemporanis est\u00e0 molt m\u00e9s centrada en la mirada que en la forma. La forma, com a categoria cartesiana, de fet, des de la crisi de la modernitat, ha perdut centralitat i significaci\u00f3. No obstant aix\u00f2, encara hi ha una bona part de les escriptures que s\u2019hi refugien, ja sigui com a recurs o categoria est\u00e8tica, ja sigui com a principal element significatiu.<\/p>\n<p>Ara b\u00e9, si la forma fa refer\u00e8ncia a una conting\u00e8ncia, la mirada fa refer\u00e8ncia a una g\u00e8nesi. Una fotografia, un retall de premsa, unes coordenades geogr\u00e0fiques, una estratigrafia arqueol\u00f2gica poden ser les claus interpretatives d\u2019aquesta g\u00e8nesi dramat\u00fargica.<\/p>\n<p>La voluntat d\u2019aquesta sessi\u00f3, doncs, \u00e9s visibilitzar i analitzar aquestes estrat\u00e8gies.<\/p>\n<h4>Joan Tom\u00e0s Mart\u00ednez Grimalt (Palma, 1984)<\/h4>\n<p>Llicenciat en Hist\u00f2ria per la Universitat Aut\u00f2noma de Barcelona, m\u00e0ster en Hist\u00f2ria Comparada i doctor en Arts Esc\u00e8niques per la mateixa universitat.<\/p>\n<p>Com a historiador, s\u2019ha dedicat a la recerca sobre el moviment obrer i els seus espais de sociabilitat, i tamb\u00e9 a la hist\u00f2ria social del teatre. Sobre aquests temes, ha publicat els llibres <em>La construcci\u00f3 d\u2019una cultura obrera a Mallorca (1900-1909) <\/em>(2009) i <em>El conflicte social en el teratre catal\u00e0 en el tombant de segle (1890-1909)<\/em> (2016).\u00a0<\/p>\n<p>Com a poeta ha publicat els llibres <em>Els Jorns<\/em> (Premi Miquel Costa i Llobera per a poetes in\u00e8dits, 2008), <em>Pro\u00e8tica dels plaers<\/em> (Premi Bernat Vidal i Thom\u00e0s, 2009) i <em>Obagues i solanes<\/em> (2016), i ha participat en les antologies col\u00b7lectives <em>Pedra Foguera<\/em> (2008), <em>Joves narradors de Mallorca<\/em> (2008) i <em>Ning\u00fa no ens representa. Poetes emprenyats<\/em> (2011).\u00a0<\/p>\n<p>\u00c9s membre de la companyia Corcada Teatre amb la qual ha estrenat diversos espectacles com a dramaturg, actor i ajudant de direcci\u00f3, entre d\u2019altres: <em>P\u00e8l al pit <\/em>(Premi B\u00f2til, 2007), <em>Negret de Guinea<\/em> (Premi Esc\u00e8nica a millor muntatge musical, 2011), <em>O <\/em>(2014) i <em>De com la in\u00e8rcia condiciona la mec\u00e0nica <\/em>(2015).\u00a0<\/p>\n<p>Al marge de la companyia esmentada, \u00e9s autor de la pe\u00e7a de microteatre <em>Ius Primae noctis <\/em>(2016), del mon\u00f2leg <em>Ones<\/em> (2016) i de<em> Cendres. Cartografia de l&#8217;exili <\/em>(Premi Pare Colom, 2016).\u00a0<\/p>\n<p>Ha format part del Grup de Recerca en Arts Esc\u00e8niques (2009-2014) de la UAB, ha treballat com a moderador dels col\u00b7loquis del TNC (2008-2011) i ha estat director de la col\u00b7lecci\u00f3 de poesia <em>La Cant\u00e0rida<\/em> (2010-2015).<\/p>\n","protected":false},"excerpt":{"rendered":"<p>Joan Tom\u00e0s Mart\u00ednez Grimalt oferir\u00e0 una confer\u00e8ncia per al M\u00e0ster Universitari en Estudis Teatrals sobre les estrat\u00e8gies formals utilitzades en l&#8217;escriptura dels textos teatrals contemporanis Cartell en PDF Dia:\u00a06 de novembre de 2017 Hora: de 16.00 h. a 19.00 h. Lloc: aula 216 de la Facultat de Filosofia i Lletres de la UAB L\u2019escriptura d\u2019una [&hellip;]<\/p>\n","protected":false},"author":1,"featured_media":1430,"comment_status":"open","ping_status":"open","sticky":false,"template":"","format":"standard","meta":{"_et_pb_use_builder":"","_et_pb_old_content":"","_et_gb_content_width":"","footnotes":""},"categories":[3,7],"tags":[],"class_list":["post-1172","post","type-post","status-publish","format-standard","has-post-thumbnail","hentry","category-activitats","category-noticies","et-has-post-format-content","et_post_format-et-post-format-standard"],"_links":{"self":[{"href":"https:\/\/masters.filescat.uab.cat\/muet\/wp-json\/wp\/v2\/posts\/1172","targetHints":{"allow":["GET"]}}],"collection":[{"href":"https:\/\/masters.filescat.uab.cat\/muet\/wp-json\/wp\/v2\/posts"}],"about":[{"href":"https:\/\/masters.filescat.uab.cat\/muet\/wp-json\/wp\/v2\/types\/post"}],"author":[{"embeddable":true,"href":"https:\/\/masters.filescat.uab.cat\/muet\/wp-json\/wp\/v2\/users\/1"}],"replies":[{"embeddable":true,"href":"https:\/\/masters.filescat.uab.cat\/muet\/wp-json\/wp\/v2\/comments?post=1172"}],"version-history":[{"count":0,"href":"https:\/\/masters.filescat.uab.cat\/muet\/wp-json\/wp\/v2\/posts\/1172\/revisions"}],"wp:featuredmedia":[{"embeddable":true,"href":"https:\/\/masters.filescat.uab.cat\/muet\/wp-json\/wp\/v2\/media\/1430"}],"wp:attachment":[{"href":"https:\/\/masters.filescat.uab.cat\/muet\/wp-json\/wp\/v2\/media?parent=1172"}],"wp:term":[{"taxonomy":"category","embeddable":true,"href":"https:\/\/masters.filescat.uab.cat\/muet\/wp-json\/wp\/v2\/categories?post=1172"},{"taxonomy":"post_tag","embeddable":true,"href":"https:\/\/masters.filescat.uab.cat\/muet\/wp-json\/wp\/v2\/tags?post=1172"}],"curies":[{"name":"wp","href":"https:\/\/api.w.org\/{rel}","templated":true}]}}