{"id":2853,"date":"2023-04-27T10:18:12","date_gmt":"2023-04-27T09:18:12","guid":{"rendered":"https:\/\/masters.filescat.uab.cat\/moiellc\/?p=2853"},"modified":"2023-04-27T10:18:12","modified_gmt":"2023-04-27T09:18:12","slug":"nova-convocatoria-del-programa-master-ub","status":"publish","type":"post","link":"https:\/\/masters.filescat.uab.cat\/moiellc\/nova-convocatoria-del-programa-master-ub\/","title":{"rendered":"Nova convocat\u00f2ria del programa M\u00e0ster+ UB"},"content":{"rendered":"<h3>Programa M\u00e0ster+ UB de captaci\u00f3 d&#8217;estudiants per a cursar un m\u00e0ster universitari i incentivar vocacions cient\u00edfiques en el s\u00ed d&#8217;un grup de recerca. Curs 2023\/2024.<\/h3>\n<p><strong>El termini de presentaci\u00f3 de sol\u00b7licituds de la convocat\u00f2ria d&#8217;abril \u00e9s des del 27 d&#8217;abril al 16 de maig de 2023<\/strong><\/p>\n<p>Aquest programa t\u00e9 com a objectiu atreure estudiants de bon expedient per a cursar estudis oficials de m\u00e0ster en la Universitat de Barcelona durant el curs 2023-2024 i incentivar vocacions cient\u00edfiques en el s\u00ed d&#8217;un grup de recerca.<\/p>\n<p>La convocat\u00f2ria consta de dues edicions, una a l&#8217;abril i l&#8217;altra a l&#8217;octubre.<\/p>\n<p>En la convocat\u00f2ria m\u00e0ster+ edici\u00f3 d&#8217;abril, els sol\u00b7licitants han de ser graduats o estar acabant el grau i estar matriculats en un m\u00e0ster vinculat a la beca en el moment d&#8217;inici d&#8217;aquesta.<br \/>\nEn la convocat\u00f2ria m\u00e0ster+ edici\u00f3 d&#8217;octubre, els estudiants hauran d&#8217;estar matriculats al m\u00e0ster vinculat a la beca.<\/p>\n<p>Els beneficiaris d&#8217;aquesta beca, s&#8217;integraran en un grup de recerca i les activitats que desenvoluparan estaran vinculades a les activitats que organitza el grup de recerca consolidat al qual s&#8217;assigna el becari i a la realitzaci\u00f3 del projecte presentat sota la direcci\u00f3 d&#8217;un tutor.<\/p>\n<p><a href=\"http:\/\/www.ub.edu\/beques\/col.laboracio\/Beca%20master%20UB\/master_index.html\" target=\"_blank\" rel=\"noopener\">M\u00e9s informaci\u00f3<\/a><\/p>\n<p>&nbsp;<\/p>\n<p>&nbsp;<\/p>\n","protected":false},"excerpt":{"rendered":"<p>Programa M\u00e0ster+ UB de captaci\u00f3 d&#8217;estudiants per a cursar un m\u00e0ster universitari i incentivar vocacions cient\u00edfiques en el s\u00ed d&#8217;un grup de recerca. Curs 2023\/2024. El termini de presentaci\u00f3 de sol\u00b7licituds de la convocat\u00f2ria d&#8217;abril \u00e9s des del 27 d&#8217;abril al 16 de maig de 2023 Aquest programa t\u00e9 com a objectiu atreure estudiants de [&hellip;]<\/p>\n","protected":false},"author":1,"featured_media":2860,"comment_status":"closed","ping_status":"open","sticky":false,"template":"","format":"standard","meta":{"_et_pb_use_builder":"","_et_pb_old_content":"","_et_gb_content_width":"","footnotes":""},"categories":[5,6],"tags":[],"class_list":["post-2853","post","type-post","status-publish","format-standard","has-post-thumbnail","hentry","category-master","category-noticies","et-has-post-format-content","et_post_format-et-post-format-standard"],"_links":{"self":[{"href":"https:\/\/masters.filescat.uab.cat\/moiellc\/wp-json\/wp\/v2\/posts\/2853","targetHints":{"allow":["GET"]}}],"collection":[{"href":"https:\/\/masters.filescat.uab.cat\/moiellc\/wp-json\/wp\/v2\/posts"}],"about":[{"href":"https:\/\/masters.filescat.uab.cat\/moiellc\/wp-json\/wp\/v2\/types\/post"}],"author":[{"embeddable":true,"href":"https:\/\/masters.filescat.uab.cat\/moiellc\/wp-json\/wp\/v2\/users\/1"}],"replies":[{"embeddable":true,"href":"https:\/\/masters.filescat.uab.cat\/moiellc\/wp-json\/wp\/v2\/comments?post=2853"}],"version-history":[{"count":4,"href":"https:\/\/masters.filescat.uab.cat\/moiellc\/wp-json\/wp\/v2\/posts\/2853\/revisions"}],"predecessor-version":[{"id":2857,"href":"https:\/\/masters.filescat.uab.cat\/moiellc\/wp-json\/wp\/v2\/posts\/2853\/revisions\/2857"}],"wp:featuredmedia":[{"embeddable":true,"href":"https:\/\/masters.filescat.uab.cat\/moiellc\/wp-json\/wp\/v2\/media\/2860"}],"wp:attachment":[{"href":"https:\/\/masters.filescat.uab.cat\/moiellc\/wp-json\/wp\/v2\/media?parent=2853"}],"wp:term":[{"taxonomy":"category","embeddable":true,"href":"https:\/\/masters.filescat.uab.cat\/moiellc\/wp-json\/wp\/v2\/categories?post=2853"},{"taxonomy":"post_tag","embeddable":true,"href":"https:\/\/masters.filescat.uab.cat\/moiellc\/wp-json\/wp\/v2\/tags?post=2853"}],"curies":[{"name":"wp","href":"https:\/\/api.w.org\/{rel}","templated":true}]}}