{"id":2645,"date":"2022-05-16T12:46:59","date_gmt":"2022-05-16T11:46:59","guid":{"rendered":"https:\/\/masters.filescat.uab.cat\/moiellc\/?p=2645"},"modified":"2022-05-16T12:46:59","modified_gmt":"2022-05-16T11:46:59","slug":"sessio-del-master-a-la-fira-virtual-de-masters-postgraus-i-doctorats","status":"publish","type":"post","link":"https:\/\/masters.filescat.uab.cat\/moiellc\/sessio-del-master-a-la-fira-virtual-de-masters-postgraus-i-doctorats\/","title":{"rendered":"Sessi\u00f3 del m\u00e0ster a la Fira virtual de m\u00e0sters, postgraus i doctorats"},"content":{"rendered":"<h3>El dimarts dia 17 de febrer, a les 18h, hi haur\u00e0 la sessi\u00f3 oberta sobre el M\u00e0ster oficial en Estudis Avan\u00e7ats en Llengua i Literatura Catalanes<\/h3>\n<p><strong>Entre el 16 i el 20 de maig de 2022<\/strong>, els m\u00e0sters oficials, m\u00e0sters i postgraus propis, cursos d&#8217;especialitzaci\u00f3 i doctorats\u00a0de la UAB organitzen <strong>sessions informatives per a cada programa<\/strong>. El <strong>coordinador o coordinadora<\/strong> del m\u00e0ster, postgrau o doctorat far\u00e0 una petita presentaci\u00f3 i, a m\u00e9s, pots fer-li preguntes, resoldre dubtes, con\u00e8ixer els teus futurs porfessors i professores o els teus futurs companys i companyes de classe.<\/p>\n<p>Per participar-hi, cal inscripci\u00f3 pr\u00e8via: <a href=\"https:\/\/forms.office.com\/Pages\/ResponsePage.aspx?id=KUxRa5EjMUi3dITzXEW_AZIjNPYuoj1BtEB0nJrqTr1UREo0NTY1VUNNTFhBTVBKSk8xVjFSSkc0Vy4u\" target=\"_blank\" rel=\"noopener noreferrer\">apunta\u2019t i podr\u00e0s accedir-hi amb el teu correu electr\u00f2nic<\/a><\/p>\n","protected":false},"excerpt":{"rendered":"<p>El dimarts dia 17 de febrer, a les 18h, hi haur\u00e0 la sessi\u00f3 oberta sobre el M\u00e0ster oficial en Estudis Avan\u00e7ats en Llengua i Literatura Catalanes Entre el 16 i el 20 de maig de 2022, els m\u00e0sters oficials, m\u00e0sters i postgraus propis, cursos d&#8217;especialitzaci\u00f3 i doctorats\u00a0de la UAB organitzen sessions informatives per a cada [&hellip;]<\/p>\n","protected":false},"author":3,"featured_media":2646,"comment_status":"closed","ping_status":"open","sticky":false,"template":"","format":"standard","meta":{"_et_pb_use_builder":"","_et_pb_old_content":"","_et_gb_content_width":"","footnotes":""},"categories":[5,6],"tags":[],"class_list":["post-2645","post","type-post","status-publish","format-standard","has-post-thumbnail","hentry","category-master","category-noticies","et-has-post-format-content","et_post_format-et-post-format-standard"],"_links":{"self":[{"href":"https:\/\/masters.filescat.uab.cat\/moiellc\/wp-json\/wp\/v2\/posts\/2645","targetHints":{"allow":["GET"]}}],"collection":[{"href":"https:\/\/masters.filescat.uab.cat\/moiellc\/wp-json\/wp\/v2\/posts"}],"about":[{"href":"https:\/\/masters.filescat.uab.cat\/moiellc\/wp-json\/wp\/v2\/types\/post"}],"author":[{"embeddable":true,"href":"https:\/\/masters.filescat.uab.cat\/moiellc\/wp-json\/wp\/v2\/users\/3"}],"replies":[{"embeddable":true,"href":"https:\/\/masters.filescat.uab.cat\/moiellc\/wp-json\/wp\/v2\/comments?post=2645"}],"version-history":[{"count":1,"href":"https:\/\/masters.filescat.uab.cat\/moiellc\/wp-json\/wp\/v2\/posts\/2645\/revisions"}],"predecessor-version":[{"id":2647,"href":"https:\/\/masters.filescat.uab.cat\/moiellc\/wp-json\/wp\/v2\/posts\/2645\/revisions\/2647"}],"wp:featuredmedia":[{"embeddable":true,"href":"https:\/\/masters.filescat.uab.cat\/moiellc\/wp-json\/wp\/v2\/media\/2646"}],"wp:attachment":[{"href":"https:\/\/masters.filescat.uab.cat\/moiellc\/wp-json\/wp\/v2\/media?parent=2645"}],"wp:term":[{"taxonomy":"category","embeddable":true,"href":"https:\/\/masters.filescat.uab.cat\/moiellc\/wp-json\/wp\/v2\/categories?post=2645"},{"taxonomy":"post_tag","embeddable":true,"href":"https:\/\/masters.filescat.uab.cat\/moiellc\/wp-json\/wp\/v2\/tags?post=2645"}],"curies":[{"name":"wp","href":"https:\/\/api.w.org\/{rel}","templated":true}]}}