{"id":2215,"date":"2019-05-15T07:01:00","date_gmt":"2019-05-15T07:01:00","guid":{"rendered":"https:\/\/masters.filescat.uab.cat\/moiellc\/?p=2215"},"modified":"2025-07-07T11:28:25","modified_gmt":"2025-07-07T10:28:25","slug":"fotografies-de-lacte-de-cloenda-del-curs-2018-2019","status":"publish","type":"post","link":"https:\/\/masters.filescat.uab.cat\/moiellc\/fotografies-de-lacte-de-cloenda-del-curs-2018-2019\/","title":{"rendered":"Fotografies de l&#039;acte de cloenda del curs 2018-2019"},"content":{"rendered":"<h4 style=\"text-align: center\">Cloenda del M\u00e0ster d\u2019Estudis Avan\u00e7ats de Llengua i Literatura catalanes.<br \/>\nJordi Nopca hi va pronunciar la confer\u00e8ncia: \u00a0\u00abBotons de foc. Una aproximaci\u00f3 al periodisme cultural i literari que es fa avui a Catalunya\u00bb.<\/h4>\n<style type=\"text\/css\">\n#foogallery-gallery-2217.fg-justified .fg-item { margin-right: 10px; margin-bottom: 10px; }\n#foogallery-gallery-2217.fg-justified .fg-image { height: 150px; }<\/style>\n\t\t\t<div class=\"foogallery foogallery-container foogallery-justified foogallery-lightbox-foobox fg-justified fg-ready fg-light fg-border-thin fg-shadow-outline fg-loading-default fg-loaded-fade-in fg-caption-hover fg-hover-fade fg-hover-zoom\" id=\"foogallery-gallery-2217\" data-foogallery=\"{&quot;item&quot;:{&quot;showCaptionTitle&quot;:true,&quot;showCaptionDescription&quot;:true},&quot;lazy&quot;:true,&quot;src&quot;:&quot;src&quot;,&quot;srcset&quot;:&quot;srcset&quot;,&quot;template&quot;:{&quot;rowHeight&quot;:150,&quot;maxRowHeight&quot;:250,&quot;margins&quot;:10,&quot;align&quot;:&quot;center&quot;,&quot;lastRow&quot;:&quot;smart&quot;}}\" style=\"--fg-title-line-clamp: 0; --fg-description-line-clamp: 0;\" >\n\t<div class=\"fg-item fg-type-image fg-loading\"><figure class=\"fg-item-inner\"><a href=\"https:\/\/masters.filescat.uab.cat\/moiellc\/wp-content\/uploads\/sites\/4\/2019\/05\/cloenda-moiellc_2019-01.jpg\" data-caption-title=\"Acte de cloenda del curs acad\u00e8mic 2018-19 del M\u00e0ster en Estudis Avan\u00e7ats de Llengua i Literatura Catalanes\" data-attachment-id=\"2218\" data-type=\"image\" class=\"fg-thumb\"><span class=\"fg-image-wrap\"><img src=\"https:\/\/masters.filescat.uab.cat\/moiellc\/wp-content\/uploads\/sites\/4\/cache\/2019\/05\/cloenda-moiellc_2019-01\/1221785034.jpg\" title=\"Acte de cloenda del curs acad\u00e8mic 2018-19 del M\u00e0ster en Estudis Avan\u00e7ats de Llengua i Literatura Catalanes\" height=\"250\" width=\"302\" class=\"skip-lazy fg-image\" decoding=\"async\" loading=\"lazy\"><\/span><span class=\"fg-image-overlay\"><\/span><\/a><figcaption class=\"fg-caption\"><div class=\"fg-caption-inner\"><div class=\"fg-caption-title\">Acte de cloenda del curs acad\u00e8mic 2018-19 del M\u00e0ster en Estudis Avan\u00e7ats de Llengua i Literatura Catalanes<\/div><\/div><\/figcaption><\/figure><div class=\"fg-loader\"><\/div><\/div><div class=\"fg-item fg-type-image fg-loading\"><figure class=\"fg-item-inner\"><a href=\"https:\/\/masters.filescat.uab.cat\/moiellc\/wp-content\/uploads\/sites\/4\/2019\/05\/cloenda-moiellc_2019-02.jpg\" data-caption-title=\"Joan Santanach, coordinador del m\u00e0ster a la UB, presenta Jordi Nopca\" data-attachment-id=\"2219\" data-type=\"image\" class=\"fg-thumb\"><span class=\"fg-image-wrap\"><img src=\"https:\/\/masters.filescat.uab.cat\/moiellc\/wp-content\/uploads\/sites\/4\/cache\/2019\/05\/cloenda-moiellc_2019-02\/1267420806.jpg\" title=\"Joan Santanach, coordinador del m\u00e0ster a la UB, presenta Jordi Nopca\" height=\"250\" width=\"315\" class=\"skip-lazy fg-image\" decoding=\"async\" loading=\"lazy\"><\/span><span class=\"fg-image-overlay\"><\/span><\/a><figcaption class=\"fg-caption\"><div class=\"fg-caption-inner\"><div class=\"fg-caption-title\">Joan Santanach, coordinador del m\u00e0ster a la UB, presenta Jordi Nopca<\/div><\/div><\/figcaption><\/figure><div class=\"fg-loader\"><\/div><\/div><div class=\"fg-item fg-type-image fg-loading\"><figure class=\"fg-item-inner\"><a href=\"https:\/\/masters.filescat.uab.cat\/moiellc\/wp-content\/uploads\/sites\/4\/2019\/05\/cloenda-moiellc_2019-03.jpg\" data-caption-title=\"Jordi Nopca: \u00abBotons de foc. Una aproximaci\u00f3 al periodisme cultural i literari que es fa avui a Catalunya\u00bb\" data-attachment-id=\"2220\" data-type=\"image\" class=\"fg-thumb\"><span class=\"fg-image-wrap\"><img src=\"https:\/\/masters.filescat.uab.cat\/moiellc\/wp-content\/uploads\/sites\/4\/cache\/2019\/05\/cloenda-moiellc_2019-03\/1950923526.jpg\" title=\"Jordi Nopca: \u00abBotons de foc. Una aproximaci\u00f3 al periodisme cultural i literari que es fa avui a Catalunya\u00bb\" height=\"250\" width=\"269\" class=\"skip-lazy fg-image\" decoding=\"async\" loading=\"lazy\"><\/span><span class=\"fg-image-overlay\"><\/span><\/a><figcaption class=\"fg-caption\"><div class=\"fg-caption-inner\"><div class=\"fg-caption-title\">Jordi Nopca: \u00abBotons de foc. Una aproximaci\u00f3 al periodisme cultural i literari que es fa avui a Catalunya\u00bb<\/div><\/div><\/figcaption><\/figure><div class=\"fg-loader\"><\/div><\/div><div class=\"fg-item fg-type-image fg-loading\"><figure class=\"fg-item-inner\"><a href=\"https:\/\/masters.filescat.uab.cat\/moiellc\/wp-content\/uploads\/sites\/4\/2019\/05\/cloenda-moiellc_2019-04.jpg\" data-caption-title=\"Joan Santanach, coordinador del m\u00e0ster a la Universitat de Barcelona\" data-attachment-id=\"2221\" data-type=\"image\" class=\"fg-thumb\"><span class=\"fg-image-wrap\"><img src=\"https:\/\/masters.filescat.uab.cat\/moiellc\/wp-content\/uploads\/sites\/4\/cache\/2019\/05\/cloenda-moiellc_2019-04\/4082831024.jpg\" title=\"Joan Santanach, coordinador del m\u00e0ster a la Universitat de Barcelona\" height=\"250\" width=\"216\" class=\"skip-lazy fg-image\" decoding=\"async\" loading=\"lazy\"><\/span><span class=\"fg-image-overlay\"><\/span><\/a><figcaption class=\"fg-caption\"><div class=\"fg-caption-inner\"><div class=\"fg-caption-title\">Joan Santanach, coordinador del m\u00e0ster a la Universitat de Barcelona<\/div><\/div><\/figcaption><\/figure><div class=\"fg-loader\"><\/div><\/div><div class=\"fg-item fg-type-image fg-loading\"><figure class=\"fg-item-inner\"><a href=\"https:\/\/masters.filescat.uab.cat\/moiellc\/wp-content\/uploads\/sites\/4\/2019\/05\/cloenda-moiellc_2019-05.jpg\" data-caption-title=\"Jordi Nopca: \u00abBotons de foc. Una aproximaci\u00f3 al periodisme cultural i literari que es fa avui a Catalunya\u00bb\" data-attachment-id=\"2222\" data-type=\"image\" class=\"fg-thumb\"><span class=\"fg-image-wrap\"><img src=\"https:\/\/masters.filescat.uab.cat\/moiellc\/wp-content\/uploads\/sites\/4\/cache\/2019\/05\/cloenda-moiellc_2019-05\/1929104798.jpg\" title=\"Jordi Nopca: \u00abBotons de foc. Una aproximaci\u00f3 al periodisme cultural i literari que es fa avui a Catalunya\u00bb\" height=\"250\" width=\"333\" class=\"skip-lazy fg-image\" decoding=\"async\" loading=\"lazy\"><\/span><span class=\"fg-image-overlay\"><\/span><\/a><figcaption class=\"fg-caption\"><div class=\"fg-caption-inner\"><div class=\"fg-caption-title\">Jordi Nopca: \u00abBotons de foc. Una aproximaci\u00f3 al periodisme cultural i literari que es fa avui a Catalunya\u00bb<\/div><\/div><\/figcaption><\/figure><div class=\"fg-loader\"><\/div><\/div><div class=\"fg-item fg-type-image fg-loading\"><figure class=\"fg-item-inner\"><a href=\"https:\/\/masters.filescat.uab.cat\/moiellc\/wp-content\/uploads\/sites\/4\/2019\/05\/cloenda-moiellc_2019-06.jpg\" data-caption-title=\"Jordi Nopca: \u00abBotons de foc. Una aproximaci\u00f3 al periodisme cultural i literari que es fa avui a Catalunya\u00bb\" data-attachment-id=\"2223\" data-type=\"image\" class=\"fg-thumb\"><span class=\"fg-image-wrap\"><img src=\"https:\/\/masters.filescat.uab.cat\/moiellc\/wp-content\/uploads\/sites\/4\/cache\/2019\/05\/cloenda-moiellc_2019-06\/1906472658.jpg\" title=\"Jordi Nopca: \u00abBotons de foc. Una aproximaci\u00f3 al periodisme cultural i literari que es fa avui a Catalunya\u00bb\" height=\"250\" width=\"199\" class=\"skip-lazy fg-image\" decoding=\"async\" loading=\"lazy\"><\/span><span class=\"fg-image-overlay\"><\/span><\/a><figcaption class=\"fg-caption\"><div class=\"fg-caption-inner\"><div class=\"fg-caption-title\">Jordi Nopca: \u00abBotons de foc. Una aproximaci\u00f3 al periodisme cultural i literari que es fa avui a Catalunya\u00bb<\/div><\/div><\/figcaption><\/figure><div class=\"fg-loader\"><\/div><\/div><div class=\"fg-item fg-type-image fg-loading\"><figure class=\"fg-item-inner\"><a href=\"https:\/\/masters.filescat.uab.cat\/moiellc\/wp-content\/uploads\/sites\/4\/2019\/05\/cloenda-moiellc_2019-07.jpg\" data-caption-title=\"Ple a la sala de professors de l\u2019Aulari Josep Carner (UB) en l&#039;acte de cloenda del m\u00e0ster\" data-attachment-id=\"2224\" data-type=\"image\" class=\"fg-thumb\"><span class=\"fg-image-wrap\"><img src=\"https:\/\/masters.filescat.uab.cat\/moiellc\/wp-content\/uploads\/sites\/4\/cache\/2019\/05\/cloenda-moiellc_2019-07\/2865450371.jpg\" title=\"Ple a la sala de professors de l\u2019Aulari Josep Carner (UB) en l&#039;acte de cloenda del m\u00e0ster\" height=\"250\" width=\"371\" class=\"skip-lazy fg-image\" decoding=\"async\" loading=\"lazy\"><\/span><span class=\"fg-image-overlay\"><\/span><\/a><figcaption class=\"fg-caption\"><div class=\"fg-caption-inner\"><div class=\"fg-caption-title\">Ple a la sala de professors de l\u2019Aulari Josep Carner (UB) en l'acte de cloenda del m\u00e0ster<\/div><\/div><\/figcaption><\/figure><div class=\"fg-loader\"><\/div><\/div><div class=\"fg-item fg-type-image fg-loading\"><figure class=\"fg-item-inner\"><a href=\"https:\/\/masters.filescat.uab.cat\/moiellc\/wp-content\/uploads\/sites\/4\/2019\/05\/cloenda-moiellc_2019-08.jpg\" data-caption-title=\"Ple a la sala de professors de l\u2019Aulari Josep Carner (UB) en l&#039;acte de cloenda del m\u00e0ster\" data-attachment-id=\"2225\" data-type=\"image\" class=\"fg-thumb\"><span class=\"fg-image-wrap\"><img src=\"https:\/\/masters.filescat.uab.cat\/moiellc\/wp-content\/uploads\/sites\/4\/cache\/2019\/05\/cloenda-moiellc_2019-08\/4265468800.jpg\" title=\"Ple a la sala de professors de l\u2019Aulari Josep Carner (UB) en l&#039;acte de cloenda del m\u00e0ster\" height=\"250\" width=\"502\" class=\"skip-lazy fg-image\" decoding=\"async\" loading=\"lazy\"><\/span><span class=\"fg-image-overlay\"><\/span><\/a><figcaption class=\"fg-caption\"><div class=\"fg-caption-inner\"><div class=\"fg-caption-title\">Ple a la sala de professors de l\u2019Aulari Josep Carner (UB) en l'acte de cloenda del m\u00e0ster<\/div><\/div><\/figcaption><\/figure><div class=\"fg-loader\"><\/div><\/div><div class=\"fg-item fg-type-image fg-loading\"><figure class=\"fg-item-inner\"><a href=\"https:\/\/masters.filescat.uab.cat\/moiellc\/wp-content\/uploads\/sites\/4\/2019\/05\/cloenda-moiellc_2019-09.jpg\" data-caption-title=\"Xavier Villalba, coordinador general del m\u00e0ster, i Lola Badia, professora del m\u00e0ster\" data-attachment-id=\"2226\" data-type=\"image\" class=\"fg-thumb\"><span class=\"fg-image-wrap\"><img src=\"https:\/\/masters.filescat.uab.cat\/moiellc\/wp-content\/uploads\/sites\/4\/cache\/2019\/05\/cloenda-moiellc_2019-09\/2141003950.jpg\" title=\"Xavier Villalba, coordinador general del m\u00e0ster, i Lola Badia, professora del m\u00e0ster\" height=\"250\" width=\"434\" class=\"skip-lazy fg-image\" decoding=\"async\" loading=\"lazy\"><\/span><span class=\"fg-image-overlay\"><\/span><\/a><figcaption class=\"fg-caption\"><div class=\"fg-caption-inner\"><div class=\"fg-caption-title\">Xavier Villalba, coordinador general del m\u00e0ster, i Lola Badia, professora del m\u00e0ster<\/div><\/div><\/figcaption><\/figure><div class=\"fg-loader\"><\/div><\/div><\/div>\n\n","protected":false},"excerpt":{"rendered":"<p>Cloenda del M\u00e0ster d\u2019Estudis Avan\u00e7ats de Llengua i Literatura catalanes. Jordi Nopca hi va pronunciar la confer\u00e8ncia: \u00a0\u00abBotons de foc. Una aproximaci\u00f3 al periodisme cultural i literari que es fa avui a Catalunya\u00bb.<\/p>\n","protected":false},"author":1,"featured_media":2229,"comment_status":"closed","ping_status":"open","sticky":false,"template":"","format":"standard","meta":{"_et_pb_use_builder":"","_et_pb_old_content":"","_et_gb_content_width":"","footnotes":""},"categories":[4,6],"tags":[],"class_list":["post-2215","post","type-post","status-publish","format-standard","has-post-thumbnail","hentry","category-fotografies","category-noticies","et-has-post-format-content","et_post_format-et-post-format-standard"],"_links":{"self":[{"href":"https:\/\/masters.filescat.uab.cat\/moiellc\/wp-json\/wp\/v2\/posts\/2215","targetHints":{"allow":["GET"]}}],"collection":[{"href":"https:\/\/masters.filescat.uab.cat\/moiellc\/wp-json\/wp\/v2\/posts"}],"about":[{"href":"https:\/\/masters.filescat.uab.cat\/moiellc\/wp-json\/wp\/v2\/types\/post"}],"author":[{"embeddable":true,"href":"https:\/\/masters.filescat.uab.cat\/moiellc\/wp-json\/wp\/v2\/users\/1"}],"replies":[{"embeddable":true,"href":"https:\/\/masters.filescat.uab.cat\/moiellc\/wp-json\/wp\/v2\/comments?post=2215"}],"version-history":[{"count":1,"href":"https:\/\/masters.filescat.uab.cat\/moiellc\/wp-json\/wp\/v2\/posts\/2215\/revisions"}],"predecessor-version":[{"id":3235,"href":"https:\/\/masters.filescat.uab.cat\/moiellc\/wp-json\/wp\/v2\/posts\/2215\/revisions\/3235"}],"wp:featuredmedia":[{"embeddable":true,"href":"https:\/\/masters.filescat.uab.cat\/moiellc\/wp-json\/wp\/v2\/media\/2229"}],"wp:attachment":[{"href":"https:\/\/masters.filescat.uab.cat\/moiellc\/wp-json\/wp\/v2\/media?parent=2215"}],"wp:term":[{"taxonomy":"category","embeddable":true,"href":"https:\/\/masters.filescat.uab.cat\/moiellc\/wp-json\/wp\/v2\/categories?post=2215"},{"taxonomy":"post_tag","embeddable":true,"href":"https:\/\/masters.filescat.uab.cat\/moiellc\/wp-json\/wp\/v2\/tags?post=2215"}],"curies":[{"name":"wp","href":"https:\/\/api.w.org\/{rel}","templated":true}]}}