{"id":1279,"date":"2013-11-08T11:49:41","date_gmt":"2013-11-08T11:49:41","guid":{"rendered":"https:\/\/masters.filescat.uab.cat\/webs\/portal\/master\/?p=1279"},"modified":"2013-11-08T11:49:41","modified_gmt":"2013-11-08T11:49:41","slug":"club-21-classics-dahir-i-davui-en-la-gramatica-del-catala","status":"publish","type":"post","link":"https:\/\/masters.filescat.uab.cat\/moiellc\/club-21-classics-dahir-i-davui-en-la-gramatica-del-catala\/","title":{"rendered":"CLUB 21: Cl\u00e0ssics d&#039;ahir i d&#039;avui en la gram\u00e0tica del catal\u00e0"},"content":{"rendered":"<h3>Club 21. Vint-i-un\u00e8 Col\u00b7loqui Ling\u00fc\u00edstic de la Universitat de Barcelona<br \/>\nCL\u00c0SSICS D\u2019AHIR I D\u2019AVUI EN LA GRAM\u00c0TICA DEL CATAL\u00c0<\/h3>\n<h4>Dilluns, 11 de novembre del 2013<br \/>\nCapella (Edifici Hist\u00f2ric), Universitat de Barcelona<\/h4>\n<p><a href=\"https:\/\/masters.filescat.uab.cat\/moiellc\/wp-content\/uploads\/sites\/4\/2013\/11\/club21.jpg\"><img loading=\"lazy\" decoding=\"async\" class=\"alignleft size-full wp-image-1285\" title=\"club21\" src=\"https:\/\/masters.filescat.uab.cat\/moiellc\/wp-content\/uploads\/sites\/4\/2013\/11\/club21.jpg\" alt=\"\" width=\"237\" height=\"358\" srcset=\"https:\/\/masters.filescat.uab.cat\/moiellc\/wp-content\/uploads\/sites\/4\/2013\/11\/club21.jpg 263w, https:\/\/masters.filescat.uab.cat\/moiellc\/wp-content\/uploads\/sites\/4\/2013\/11\/club21-198x300.jpg 198w\" sizes=\"(max-width: 237px) 100vw, 237px\" \/><\/a><br \/>\nDes del 1993, la Secci\u00f3 de Ling\u00fc\u00edstica del Departament de Filologia Catalana organitza anualment el Col\u00b7loqui Ling\u00fc\u00edstic de la Universitat de Barcelona amb la voluntat d\u2019apropar la recerca que es fa al Departament als estudiants.<br \/>\nL\u2019edici\u00f3 d\u2019enguany es dedica a la gram\u00e0tica del catal\u00e0, en els plans fon\u00e8tic, fonol\u00f2gic, morfol\u00f2gic, sint\u00e0ctic i lexicol\u00f2gic. Determinades q\u00fcestions gramaticals de la llengua catalana sempre han cridat l\u2019atenci\u00f3 de gram\u00e0tics i ling\u00fcistes, ja sigui per la complexitat que presenten, ja sigui pel fet que s\u00f3n singulars en relaci\u00f3 amb la resta de lleng\u00fces, o, inversament, pel fet que hi mantenen determinats paral\u00b7lelismes.<br \/>\n<a href=\"https:\/\/masters.filescat.uab.cat\/moiellc\/wp-content\/uploads\/sites\/4\/2013\/11\/club21_classics-ahir-avui.pdf\" target=\"_blank\" rel=\"noopener\">Programa en PDF<\/a><\/p>\n","protected":false},"excerpt":{"rendered":"<p>Club 21. Vint-i-un\u00e8 Col\u00b7loqui Ling\u00fc\u00edstic de la Universitat de Barcelona CL\u00c0SSICS D\u2019AHIR I D\u2019AVUI EN LA GRAM\u00c0TICA DEL CATAL\u00c0 Dilluns, 11 de novembre del 2013 Capella (Edifici Hist\u00f2ric), Universitat de Barcelona Des del 1993, la Secci\u00f3 de Ling\u00fc\u00edstica del Departament de Filologia Catalana organitza anualment el Col\u00b7loqui Ling\u00fc\u00edstic de la Universitat de Barcelona amb la [&hellip;]<\/p>\n","protected":false},"author":1,"featured_media":1280,"comment_status":"closed","ping_status":"closed","sticky":false,"template":"","format":"standard","meta":{"_et_pb_use_builder":"","_et_pb_old_content":"","_et_gb_content_width":"","footnotes":""},"categories":[6],"tags":[],"class_list":["post-1279","post","type-post","status-publish","format-standard","has-post-thumbnail","hentry","category-noticies","et-has-post-format-content","et_post_format-et-post-format-standard"],"_links":{"self":[{"href":"https:\/\/masters.filescat.uab.cat\/moiellc\/wp-json\/wp\/v2\/posts\/1279","targetHints":{"allow":["GET"]}}],"collection":[{"href":"https:\/\/masters.filescat.uab.cat\/moiellc\/wp-json\/wp\/v2\/posts"}],"about":[{"href":"https:\/\/masters.filescat.uab.cat\/moiellc\/wp-json\/wp\/v2\/types\/post"}],"author":[{"embeddable":true,"href":"https:\/\/masters.filescat.uab.cat\/moiellc\/wp-json\/wp\/v2\/users\/1"}],"replies":[{"embeddable":true,"href":"https:\/\/masters.filescat.uab.cat\/moiellc\/wp-json\/wp\/v2\/comments?post=1279"}],"version-history":[{"count":0,"href":"https:\/\/masters.filescat.uab.cat\/moiellc\/wp-json\/wp\/v2\/posts\/1279\/revisions"}],"wp:featuredmedia":[{"embeddable":true,"href":"https:\/\/masters.filescat.uab.cat\/moiellc\/wp-json\/wp\/v2\/media\/1280"}],"wp:attachment":[{"href":"https:\/\/masters.filescat.uab.cat\/moiellc\/wp-json\/wp\/v2\/media?parent=1279"}],"wp:term":[{"taxonomy":"category","embeddable":true,"href":"https:\/\/masters.filescat.uab.cat\/moiellc\/wp-json\/wp\/v2\/categories?post=1279"},{"taxonomy":"post_tag","embeddable":true,"href":"https:\/\/masters.filescat.uab.cat\/moiellc\/wp-json\/wp\/v2\/tags?post=1279"}],"curies":[{"name":"wp","href":"https:\/\/api.w.org\/{rel}","templated":true}]}}